{"id":7506,"date":"2026-09-03T08:57:18","date_gmt":"2026-09-03T06:57:18","guid":{"rendered":"https:\/\/www.bnrm.md\/?p=7506"},"modified":"2026-09-03T08:57:20","modified_gmt":"2026-09-03T06:57:20","slug":"prezentare-de-carte-anastasia-dicescu-o-mare-personalitate-de-cultura-din-interbelic","status":"publish","type":"post","link":"https:\/\/www.bnrm.md\/?p=7506","title":{"rendered":"Prezentare de carte  \u201eAnastasia DICESCU- o mare personalitate de  cultur\u0103 din interbelic\u201d"},"content":{"rendered":"\n<p class=\"wp-block-paragraph\">Biblioteca Na\u021bional\u0103 a Republicii Moldova invit\u0103 publicul interesat la prezentarea romanului jurnal&nbsp;<strong>\u201eUitasem s\u0103 v\u0103 spun&#8230;\u201d, semnat de poetul, publicistul \u0219i publicistul Ion ANTON<\/strong>. Lucrarea&nbsp;este consacrat\u0103 vie\u021bii \u0219i activit\u0103\u021bii&nbsp;Anastasiei Dicescu, \u00eentemeietoarea \u0219i directorul Conservatorului \u201eUnirea\u201d din Chi\u0219in\u0103u (1919-1940), sopran\u0103 care a f\u0103cut studii de canto la Conservatorul din Odesa \u0219i la Academia de Muzic\u0103 din Roma. A fost prima profesoar\u0103 de canto a Mariei Cebotari, scutind-o de plata taxei pentru studii la Conservator.<\/p>\n\n\n\n<p class=\"wp-block-paragraph\"><strong>Particip\u0103:<\/strong>&nbsp;<strong>Ion ANTON<\/strong>, autorul c\u0103r\u021bii,&nbsp;<strong>Manuela POPESCU &#8211; DICESCU<\/strong>&nbsp;(Bucure\u0219ti) \u0219i&nbsp;<strong>George SIMINEL<\/strong>&nbsp;(Paris), nepo\u021bi ai Anastasiei Dicescu; scriitorul&nbsp;<strong>Tudor PALLADI<\/strong>,<strong>&nbsp;Ion<\/strong>&nbsp;<strong>HAD\u00c2RC\u0102<\/strong>, academician,&nbsp;<strong>Aurelian D\u0102NIL\u0102<\/strong>, membru-corespondent al A\u0218M, cercet\u0103tor al crea\u021biei Anastasiei DICESCU,&nbsp;<strong>Nadea P\u0102DURE<\/strong>, director al Bibliotecii&nbsp; Publice Raionale \u201eMihail Sadoveanu\u201d din Str\u0103\u0219eni \u0219.a.<\/p>\n\n\n\n<p class=\"wp-block-paragraph\">Evenimentul va avea loc la&nbsp;<strong>9 septembrie<\/strong>&nbsp;<strong>2026, ora 15:00<\/strong>, Sala \u201eMihai Eminescu\u201d, etaj 1, blocul central Biblioteca Na\u021bional\u0103 a Republicii Moldova (<a href=\"https:\/\/www.google.com\/maps\/search\/Chi%C8%99in%C4%83u,+str.+31+August+1989,+78A?entry=gmail&amp;source=g\">Chi\u0219in\u0103u, str. 31 August 1989, 78A<\/a>).<\/p>\n\n\n\n<p class=\"wp-block-paragraph\"><\/p>\n","protected":false},"excerpt":{"rendered":"<p>Biblioteca Na\u021bional\u0103 a Republicii Moldova invit\u0103 publicul interesat la prezentarea romanului jurnal&nbsp;\u201eUitasem s\u0103 v\u0103 spun&#8230;\u201d, semnat de poetul, publicistul \u0219i publicistul Ion ANTON. Lucrarea&nbsp;este consacrat\u0103 vie\u021bii \u0219i activit\u0103\u021bii&nbsp;Anastasiei Dicescu, \u00eentemeietoarea \u0219i directorul Conservatorului \u201eUnirea\u201d din Chi\u0219in\u0103u (1919-1940), sopran\u0103 care a f\u0103cut studii de canto la Conservatorul din Odesa \u0219i la Academia de Muzic\u0103 din Roma&#8230;.<\/p>\n","protected":false},"author":1,"featured_media":0,"comment_status":"closed","ping_status":"closed","sticky":false,"template":"","format":"standard","meta":{"_bst_post_transparent":"","_bst_post_title":"","_bst_post_layout":"","_bst_post_sidebar_id":"","_bst_post_content_style":"","_bst_post_vertical_padding":"","_bst_post_feature":"","_bst_post_feature_position":"","_bst_post_header":false,"_bst_post_footer":false,"footnotes":""},"categories":[101,19],"tags":[],"class_list":["post-7506","post","type-post","status-publish","format-standard","hentry","category-101","category-noutati"],"_links":{"self":[{"href":"https:\/\/www.bnrm.md\/index.php?rest_route=\/wp\/v2\/posts\/7506","targetHints":{"allow":["GET"]}}],"collection":[{"href":"https:\/\/www.bnrm.md\/index.php?rest_route=\/wp\/v2\/posts"}],"about":[{"href":"https:\/\/www.bnrm.md\/index.php?rest_route=\/wp\/v2\/types\/post"}],"author":[{"embeddable":true,"href":"https:\/\/www.bnrm.md\/index.php?rest_route=\/wp\/v2\/users\/1"}],"replies":[{"embeddable":true,"href":"https:\/\/www.bnrm.md\/index.php?rest_route=%2Fwp%2Fv2%2Fcomments&post=7506"}],"version-history":[{"count":2,"href":"https:\/\/www.bnrm.md\/index.php?rest_route=\/wp\/v2\/posts\/7506\/revisions"}],"predecessor-version":[{"id":7508,"href":"https:\/\/www.bnrm.md\/index.php?rest_route=\/wp\/v2\/posts\/7506\/revisions\/7508"}],"wp:attachment":[{"href":"https:\/\/www.bnrm.md\/index.php?rest_route=%2Fwp%2Fv2%2Fmedia&parent=7506"}],"wp:term":[{"taxonomy":"category","embeddable":true,"href":"https:\/\/www.bnrm.md\/index.php?rest_route=%2Fwp%2Fv2%2Fcategories&post=7506"},{"taxonomy":"post_tag","embeddable":true,"href":"https:\/\/www.bnrm.md\/index.php?rest_route=%2Fwp%2Fv2%2Ftags&post=7506"}],"curies":[{"name":"wp","href":"https:\/\/api.w.org\/{rel}","templated":true}]}}